{"id":5483,"date":"2024-02-22T12:49:00","date_gmt":"2024-02-22T09:49:00","guid":{"rendered":"https:\/\/mariacallasmuseum.gr\/?p=5483"},"modified":"2025-05-06T11:27:50","modified_gmt":"2025-05-06T08:27:50","slug":"projection-du-film-callas-forever","status":"publish","type":"post","link":"https:\/\/mariacallasmuseum.gr\/fr\/projection-du-film-callas-forever\/","title":{"rendered":"Projection du film \u00ab Callas Forever \u00bb"},"content":{"rendered":"<section class=\"wpb-content-wrapper\"><p>[vc_row][vc_column][vc_column_text]<\/p>\n<h3 style=\"text-align: center;\"><strong>Projection du film \u00ab\u00a0Callas Forever\u00a0\u00bb<\/strong><\/h3>\n<h3 class=\"text-build-content\" style=\"text-align: center;\" data-testid=\"cEZIsrniX8gk55U36xsF9\"><b><strong>\u00a0<\/strong><\/b><\/h3>\n<p>[\/vc_column_text][vc_empty_space][\/vc_column][\/vc_row][vc_row][vc_column][vc_empty_space height=\u00a0\u00bb64px\u00a0\u00bb][vc_column_text]<\/p>\n<p style=\"text-align: center;\"><strong>Dimanche 18 f\u00e9vrier &#8211; 18h00<\/strong><\/p>\n<p>Le Mus\u00e9e Maria Callas collabore pour la premi\u00e8re fois avec l&rsquo;Institut culturel italien et pr\u00e9sente la projection du film \u00ab\u00a0Callas Forever\u00a0\u00bb (2002) r\u00e9alis\u00e9 par Franco Zeffirelli, en italien et sous-titr\u00e9 en grec.<\/p>\n<p>La projection du film aura lieu le dimanche 18 f\u00e9vrier 2024 \u00e0 18h00 dans l&rsquo;espace \u00e9v\u00e9nementiel du mus\u00e9e avec vue sur l&rsquo;Acropole.[\/vc_column_text][vc_empty_space height=\u00a0\u00bb2em\u00a0\u00bb][\/vc_column][\/vc_row][vc_row][vc_column width=\u00a0\u00bb1\/2&Prime;][vc_column_text]Entr\u00e9e g\u00e9n\u00e9rale : 10 \u20ac par personne<\/p>\n<p>Dur\u00e9e du film : 1h 45m<\/p>\n<p>Combinez votre visite du mus\u00e9e Maria Callas avec la projection du film. Acc\u00e8s gratuit \u00e0 la projection avec le prix de l&rsquo;entr\u00e9e g\u00e9n\u00e9rale.<\/p>\n<p>La dur\u00e9e sugg\u00e9r\u00e9e de la visite du mus\u00e9e est de 60 minutes.[\/vc_column_text][\/vc_column][vc_column width=\u00a0\u00bb1\/2&Prime;][vc_single_image image=\u00a0\u00bb5369&Prime; img_size=\u00a0\u00bbmedium\u00a0\u00bb alignment=\u00a0\u00bbcenter\u00a0\u00bb][\/vc_column][\/vc_row][vc_row][vc_column][vc_empty_space height=\u00a0\u00bb2em\u00a0\u00bb][vc_column_text]<strong>R\u00e9servation via le site More. Les r\u00e9servations peuvent \u00eatre effectu\u00e9es \u00e0 partir du vendredi 2\/2.<\/strong><\/p>\n<p>*Pour ceux qui n&rsquo;ont pas la possibilit\u00e9 d&rsquo;acheter des billets en ligne, ils peuvent s&rsquo;adresser au guichet du Mus\u00e9e Maria Callas. La r\u00e9servation par t\u00e9l\u00e9phone est obligatoire. Les r\u00e9servations se d\u00e9rouleront selon la logique du \u00ab\u00a0premier arriv\u00e9, premier servi\u00a0\u00bb.<\/p>\n<p>Informations et r\u00e9servations au 210 4404204 (du mardi au vendredi de 11h00 \u00e0 16h00).<\/p>\n<p>**Nombre limit\u00e9 de billets[\/vc_column_text][vc_empty_space height=\u00a0\u00bb2em\u00a0\u00bb]\t\t<div class=\"eltdf-event-button-holder\">\n\t\t\t\t\t\t\t<a href=\"https:\/\/www.more.com\/museums\/callas-forever\/\"\n\t\t\t\t\tclass=\"eltdf-btn eltdf-btn-medium eltdf-btn-outline-slit musea-custom-slit-btn\">\n\t\t\t\t\t<span class=\"eltdf-btn-text\">\u039a\u03c1\u03b1\u03c4\u03ae\u03c3\u03b5\u03b9\u03c2 (more.com)<\/span>\n\t\t\t\t<\/a>\n\t\t\t\t\t<\/div>\n\t\t[\/vc_column][\/vc_row]<\/p>\n<\/section>","protected":false},"excerpt":{"rendered":"<p>[vc_row][vc_column][vc_column_text] Projection du film \u00ab\u00a0Callas Forever\u00a0\u00bb \u00a0 [\/vc_column_text][vc_empty_space][\/vc_column][\/vc_row][vc_row][vc_column][vc_empty_space height=\u00a0\u00bb64px\u00a0\u00bb][vc_column_text] Dimanche 18 f\u00e9vrier &#8211; 18h00 Le Mus\u00e9e Maria Callas collabore pour la premi\u00e8re fois avec l&rsquo;Institut culturel italien et pr\u00e9sente la projection du film \u00ab\u00a0Callas Forever\u00a0\u00bb (2002) r\u00e9alis\u00e9 par Franco Zeffirelli, [&hellip;]<\/p>\n","protected":false},"author":1,"featured_media":5363,"comment_status":"closed","ping_status":"open","sticky":false,"template":"","format":"standard","meta":{"om_disable_all_campaigns":false},"categories":[109],"tags":[],"acf":[],"aioseo_notices":[],"_links":{"self":[{"href":"https:\/\/mariacallasmuseum.gr\/fr\/wp-json\/wp\/v2\/posts\/5483"}],"collection":[{"href":"https:\/\/mariacallasmuseum.gr\/fr\/wp-json\/wp\/v2\/posts"}],"about":[{"href":"https:\/\/mariacallasmuseum.gr\/fr\/wp-json\/wp\/v2\/types\/post"}],"author":[{"embeddable":true,"href":"https:\/\/mariacallasmuseum.gr\/fr\/wp-json\/wp\/v2\/users\/1"}],"replies":[{"embeddable":true,"href":"https:\/\/mariacallasmuseum.gr\/fr\/wp-json\/wp\/v2\/comments?post=5483"}],"version-history":[{"count":6,"href":"https:\/\/mariacallasmuseum.gr\/fr\/wp-json\/wp\/v2\/posts\/5483\/revisions"}],"predecessor-version":[{"id":7972,"href":"https:\/\/mariacallasmuseum.gr\/fr\/wp-json\/wp\/v2\/posts\/5483\/revisions\/7972"}],"wp:featuredmedia":[{"embeddable":true,"href":"https:\/\/mariacallasmuseum.gr\/fr\/wp-json\/wp\/v2\/media\/5363"}],"wp:attachment":[{"href":"https:\/\/mariacallasmuseum.gr\/fr\/wp-json\/wp\/v2\/media?parent=5483"}],"wp:term":[{"taxonomy":"category","embeddable":true,"href":"https:\/\/mariacallasmuseum.gr\/fr\/wp-json\/wp\/v2\/categories?post=5483"},{"taxonomy":"post_tag","embeddable":true,"href":"https:\/\/mariacallasmuseum.gr\/fr\/wp-json\/wp\/v2\/tags?post=5483"}],"curies":[{"name":"wp","href":"https:\/\/api.w.org\/{rel}","templated":true}]}}