{"id":9944,"date":"2026-04-29T13:03:05","date_gmt":"2026-04-29T10:03:05","guid":{"rendered":"https:\/\/mariacallasmuseum.gr\/?p=9944"},"modified":"2026-04-29T13:11:38","modified_gmt":"2026-04-29T10:11:38","slug":"celebrating-international-museum-day-2026","status":"publish","type":"post","link":"https:\/\/mariacallasmuseum.gr\/en\/celebrating-international-museum-day-2026\/","title":{"rendered":"Celebrating International Museum Day 2026 at the Maria Callas Museum"},"content":{"rendered":"<section class=\"wpb-content-wrapper\"><p>[vc_row][vc_column][vc_column_text]<\/p>\n<h3 style=\"text-align: center;\">Celebrating International Museum Day 2026 at the Maria Callas Museum<\/h3>\n<p>[\/vc_column_text][vc_empty_space][\/vc_column][\/vc_row][vc_row][vc_column width=&#8221;2\/3&#8243;][vc_column_text]On the occasion of International Museum Day, the Maria Callas Museum actively joins the celebration, marking the day on <strong>Sunday, May 17<\/strong> with <strong>free admission<\/strong> for the public throughout the day (10:00\u201319:00). Visitors are invited to discover the museum\u2019s multi-sensory experience and engage with the life and artistic journey of Maria Callas, in a space dedicated to her art and legacy.<\/p>\n<p>As part of the celebration, at 13:30, the<strong> concert <em>\u201cMoments of Romanticism: Piano and Cello\u201d<\/em> <\/strong>will take place in the museum\u2019s events space. <strong>Pianist Vivian Brenda <\/strong>and <strong>cellist Vania Papadimitriou<\/strong> will perform a refined selection of works by Fr\u00e9d\u00e9ric Chopin, Edward Elgar, Gabriel Faur\u00e9, Camille Saint-Sa\u00ebns, Franz Schubert and Sergei Rachmaninoff, offering an atmospheric musical experience.<\/p>\n<p><strong>Concert Programme:<br \/>\n<\/strong>Fr\u00e9d\u00e9ric Chopin \u2013 Nocturne, Op. 72, No. 1 (Piano)<br \/>\nEdward Elgar \u2013 <em>Salut d\u2019Amour<\/em>, Op. 12<br \/>\nGabriel Faur\u00e9 \u2013 <em>\u00c9l\u00e9gie<\/em>, Op. 24<br \/>\nCamille Saint-Sa\u00ebns \u2013 <em>Le Cygne<br \/>\n<\/em>Franz Schubert \u2013 <em>St\u00e4ndchen (Serenade)<\/em>, Op. 6, No. 1<br \/>\nSergei Rachmaninoff \u2013 Vocalise, Op. 34, No. 14<\/p>\n<p><strong>Performers:<br \/>\n<\/strong>Vivian Brenda \u2013 Piano<br \/>\nVania Papadimitriou \u2013 Cello[\/vc_column_text][\/vc_column][vc_column width=&#8221;1\/3&#8243;][vc_column_text css=&#8221;.vc_custom_1777457478446{border-top-width: 0px !important;border-right-width: 0px !important;border-bottom-width: 0px !important;border-left-width: 0px !important;padding-top: 10px !important;padding-right: 10px !important;padding-bottom: 10px !important;padding-left: 10px !important;background-color: #f8f8f8 !important;border-radius: 3px !important;}&#8221;]<strong>Date:<\/strong> Sunday, May 17, 2026 <em>(The museum will remain closed on Monday, May 18)<br \/>\n<\/em><strong>Opening hours:<\/strong> 10:00 \u2013 19:00<br \/>\n<strong>Concert starts:<\/strong> 13:30 (Duration: 1 hour)<br \/>\n<strong>Admission:<\/strong> Free with a complimentary ticket<br \/>\n<strong>Booking:<\/strong> Advance online booking is required via <a href=\"http:\/\/more.com\">more.com<\/a><\/p>\n<p>[\/vc_column_text][\/vc_column][\/vc_row][vc_row][vc_column][vc_empty_space height=&#8221;2em&#8221;][\/vc_column][\/vc_row]<\/p>\n<\/section>","protected":false},"excerpt":{"rendered":"<p>[vc_row][vc_column][vc_column_text] Celebrating International Museum Day 2026 at the Maria Callas Museum [\/vc_column_text][vc_empty_space][\/vc_column][\/vc_row][vc_row][vc_column width=&#8221;2\/3&#8243;][vc_column_text]On the occasion of International Museum Day, the Maria Callas Museum actively joins the celebration, marking the day on Sunday, May 17 with free admission for the public [&hellip;]<\/p>\n","protected":false},"author":1,"featured_media":9940,"comment_status":"closed","ping_status":"open","sticky":false,"template":"","format":"standard","meta":{"om_disable_all_campaigns":false},"categories":[108],"tags":[],"acf":[],"aioseo_notices":[],"_links":{"self":[{"href":"https:\/\/mariacallasmuseum.gr\/en\/wp-json\/wp\/v2\/posts\/9944"}],"collection":[{"href":"https:\/\/mariacallasmuseum.gr\/en\/wp-json\/wp\/v2\/posts"}],"about":[{"href":"https:\/\/mariacallasmuseum.gr\/en\/wp-json\/wp\/v2\/types\/post"}],"author":[{"embeddable":true,"href":"https:\/\/mariacallasmuseum.gr\/en\/wp-json\/wp\/v2\/users\/1"}],"replies":[{"embeddable":true,"href":"https:\/\/mariacallasmuseum.gr\/en\/wp-json\/wp\/v2\/comments?post=9944"}],"version-history":[{"count":1,"href":"https:\/\/mariacallasmuseum.gr\/en\/wp-json\/wp\/v2\/posts\/9944\/revisions"}],"predecessor-version":[{"id":9945,"href":"https:\/\/mariacallasmuseum.gr\/en\/wp-json\/wp\/v2\/posts\/9944\/revisions\/9945"}],"wp:featuredmedia":[{"embeddable":true,"href":"https:\/\/mariacallasmuseum.gr\/en\/wp-json\/wp\/v2\/media\/9940"}],"wp:attachment":[{"href":"https:\/\/mariacallasmuseum.gr\/en\/wp-json\/wp\/v2\/media?parent=9944"}],"wp:term":[{"taxonomy":"category","embeddable":true,"href":"https:\/\/mariacallasmuseum.gr\/en\/wp-json\/wp\/v2\/categories?post=9944"},{"taxonomy":"post_tag","embeddable":true,"href":"https:\/\/mariacallasmuseum.gr\/en\/wp-json\/wp\/v2\/tags?post=9944"}],"curies":[{"name":"wp","href":"https:\/\/api.w.org\/{rel}","templated":true}]}}